{"id":1207,"date":"2015-01-26T21:03:51","date_gmt":"2015-01-26T20:03:51","guid":{"rendered":"http:\/\/www.k-braungardt.de\/blogkb\/?p=1207"},"modified":"2015-01-26T21:16:57","modified_gmt":"2015-01-26T20:16:57","slug":"shoah-in-voller-laenge-am-25-1-15-in-essen-gezeigt","status":"publish","type":"post","link":"https:\/\/www.k-braungardt.de\/blogkb\/?p=1207","title":{"rendered":"Shoah in voller L\u00c3\u00a4nge am 25.1.15 in Essen gezeigt"},"content":{"rendered":"<p>Shoah, der Film zur Vernichtung der Juden, neuneinhalb Stunden lang wurde am 25.1. in Anwesenheit des Regisseurs Claude Lanzmann gezeigt, in der <a href=\"http:\/\/www.shoah-lichtburg.de\/\">Essener Lichtburg<\/a>, in vier Teilen, jeweils mit Pausen dazwischen.<\/p>\n<p>Von halb elf bis 24 Uhr war das Programm angesetzt. Shoah ist drei\u00c3\u0178ig Jahre alt, uraufgef\u00c3\u00bchrt wurde der Film 1985. Hintergr\u00c3\u00bcnde zur Enstehung finden sich in Lanzmanns Erinnerungen von 2010, die auf deutsch \u00e2\u20ac\u017eDer patagonische Hase\u00e2\u20ac\u0153 hei\u00c3\u0178en. <\/p>\n<p>Immer wieder st\u00c3\u00b6\u00c3\u0178t man auf das historische Ereignis, zu dem es keine Erkl\u00c3\u00a4rung gibt. Das treibt u.a. dazu, sich immer wieder damit auseinanderzusetzen. Hier ist es au\u00c3\u0178erdem nah, da T\u00c3\u00a4terland. <\/p>\n<p>Die Veranstaltung war sehr gut besucht, wenngleich nicht bis auf die letzten Pl\u00c3\u00a4tze belegt.<\/p>\n<p>In dem Film wird nichts Schreckliches gezeigt, es gibt Situationen, Bilder, Montagen. Wichtig ist und das war mir nicht so klar, dass die Vernichtung auch ihre Spuren vernichten wollte. Das ging bis in den Sprachgebrauch hinein. Tote K\u00c3\u00b6rper durften nicht so benannt werden, die Opfer nicht wissen, was sie erwartet. <\/p>\n<p>Lanzmann befragt \u00c3\u0153berlebende, es sind nicht irgendwelche \u00c3\u0153berlebende, sondern solche, die Teil der so genannten Sonderkommandos gewesen, die Zeugen der Vernichtung sind, weil sie in den Gaskammern gearbeitet haben. Er fordert auf pr\u00c3\u00a4zise zu beschreiben, wie ihre T\u00c3\u00a4tigkeit abgelaufen ist, fragt aber nicht nur nach den \u00e2\u20ac\u017esachlichen\u00e2\u20ac\u0153 Informationen, sondern auch, welches ihre Gef\u00c3\u00bchle gewesen sind. Wie Lanzmann sagt (ein Text von ihm wurde w\u00c3\u00a4hrend der Veranstaltung verlesen) geh\u00c3\u00b6rte es dazu, dass Tr\u00c3\u00a4nen kamen, der Schmerz durchbrach.<\/p>\n<p>Eine andere Gruppe, die Lanzmann vor allem in Polen befragt, bei Treblinka, sind Anwohner, Bauern, Zugpersonal, die alles mitbekommen haben. Er fragt, was sie gesehen haben, was auch sie empfunden haben, wie ihre Einstellung zu den Juden gewesen ist. Auf\u00c3\u00a4llig ist, dass alle \u00c3\u00a4u\u00c3\u0178ern, \u00e2\u20ac\u017ees\u00e2\u20ac\u0153 mitbekommen haben.<\/p>\n<p>Die Kamera durchf\u00c3\u00a4hrt immer wieder die Schaupl\u00c3\u00a4tze des Verbrechens, Gr\u00c3\u00bcnland mit Mauerresten, Ruinen, Schienen, Stra\u00c3\u0178en. Man sieht ein l\u00c3\u00a4ndliches Polen der 70er Jahre, W\u00c3\u00a4lder, Wasser, es hat etwas Idyllisches. <\/p>\n<p>Immer wieder Z\u00c3\u00bcge, Waggons, die deutlich machen, dass Millionen dorthin transportiert wurden. Die Rolle der Bahn, der Logistik, die Organisation, die Maschinerie scheint durch. Eine Analyse einer Fahrplananordnung, zusammen mit Raoul Hilberg, dem bekannten Holocaustforscher, wirft ein makabres Licht auf die Effizienz der Todestransporte. <\/p>\n<p>Dann die T\u00c3\u00a4ter, die Lanzmann und sein Team heimlich in Bild und Ton aufnehmen, die wie zum Beispiel SS-Mann Suchomel \u00c3\u00bcber Treblinka reden, als w\u00c3\u00a4ren sie nur Zuschauer gewesen, irgendwie unbeteiligt. <\/p>\n<p>Nach der H\u00c3\u00a4lfte des Films gab es eine erste Podiumsrunde mit Lanzmann, der nicht herumeierte und die Beantwortung der zum Teil bescheidenen Fragen verweigerte oder mit einer Gegenfrage antwortete. <\/p>\n<p>Leider leider war der Zeitplan nicht eingehalten worden und ich verpasste die ca. letzte halbe Stunde des Films (Ende ist dann wahrscheinlich 0:30 gewesen), und die Schlussrunde mit Lanzmann.  <\/p>\n<p>Der Film ist grandios und beeindruckend und es ist es auf jeden Fall wert gewesen, ihn in voller L\u00c3\u00a4nge zu sehen (zumindest fast).<\/p>\n","protected":false},"excerpt":{"rendered":"<p>Shoah, der Film zur Vernichtung der Juden, neuneinhalb Stunden lang wurde am 25.1. in Anwesenheit des Regisseurs Claude Lanzmann gezeigt, in der Essener Lichtburg, in&#8230;<\/p>\n<div class=\"more-link-wrapper\"><a class=\"more-link\" href=\"https:\/\/www.k-braungardt.de\/blogkb\/?p=1207\">Weiterlesen<span class=\"screen-reader-text\">Shoah in voller L\u00c3\u00a4nge am 25.1.15 in Essen gezeigt<\/span><\/a><\/div>\n","protected":false},"author":1,"featured_media":0,"comment_status":"open","ping_status":"open","sticky":false,"template":"","format":"standard","meta":{"footnotes":""},"categories":[38,258],"tags":[278,304,305],"class_list":["post-1207","post","type-post","status-publish","format-standard","hentry","category-film","category-politik","tag-film-2","tag-lanzmann","tag-shoah","entry"],"_links":{"self":[{"href":"https:\/\/www.k-braungardt.de\/blogkb\/index.php?rest_route=\/wp\/v2\/posts\/1207","targetHints":{"allow":["GET"]}}],"collection":[{"href":"https:\/\/www.k-braungardt.de\/blogkb\/index.php?rest_route=\/wp\/v2\/posts"}],"about":[{"href":"https:\/\/www.k-braungardt.de\/blogkb\/index.php?rest_route=\/wp\/v2\/types\/post"}],"author":[{"embeddable":true,"href":"https:\/\/www.k-braungardt.de\/blogkb\/index.php?rest_route=\/wp\/v2\/users\/1"}],"replies":[{"embeddable":true,"href":"https:\/\/www.k-braungardt.de\/blogkb\/index.php?rest_route=%2Fwp%2Fv2%2Fcomments&post=1207"}],"version-history":[{"count":4,"href":"https:\/\/www.k-braungardt.de\/blogkb\/index.php?rest_route=\/wp\/v2\/posts\/1207\/revisions"}],"predecessor-version":[{"id":1211,"href":"https:\/\/www.k-braungardt.de\/blogkb\/index.php?rest_route=\/wp\/v2\/posts\/1207\/revisions\/1211"}],"wp:attachment":[{"href":"https:\/\/www.k-braungardt.de\/blogkb\/index.php?rest_route=%2Fwp%2Fv2%2Fmedia&parent=1207"}],"wp:term":[{"taxonomy":"category","embeddable":true,"href":"https:\/\/www.k-braungardt.de\/blogkb\/index.php?rest_route=%2Fwp%2Fv2%2Fcategories&post=1207"},{"taxonomy":"post_tag","embeddable":true,"href":"https:\/\/www.k-braungardt.de\/blogkb\/index.php?rest_route=%2Fwp%2Fv2%2Ftags&post=1207"}],"curies":[{"name":"wp","href":"https:\/\/api.w.org\/{rel}","templated":true}]}}