{"id":1416,"date":"2016-11-15T22:01:18","date_gmt":"2016-11-15T21:01:18","guid":{"rendered":"http:\/\/www.k-braungardt.de\/blogkb\/?p=1416"},"modified":"2016-11-15T22:01:18","modified_gmt":"2016-11-15T21:01:18","slug":"rub-interne-tagung-zu-digitalisierung-am-15-11-2016","status":"publish","type":"post","link":"https:\/\/www.k-braungardt.de\/blogkb\/?p=1416","title":{"rendered":"RUB-interne Tagung zu Digitalisierung am 15.11.2016"},"content":{"rendered":"<p>Politisch existiert sie, die digitale Agenda: https:\/\/www.bmwi.de\/BMWi\/Redaktion\/PDF\/Publikationen\/digitale-agenda-2014-2017,property=pdf,bereich=bmwi2012,sprache=de,rwb=true.pdf<br \/>\nan vielen Hochschulen setzt man sich mit diesem Thema auseinander, so auch an der RUB mit einer kleinen Tagung: <a href=\"http:\/\/www.rubel.rub.de\/digitalisierung\" target=\"_blank\">http:\/\/www.rubel.rub.de\/digitalisierung<\/a>. Eine Keynote von Prof. Dr. J\u00c3\u00bcrgen Handke zum Thema \u00e2\u20ac\u017eInverted-Classroom-Modell\u00e2\u20ac\u0153, zwei Workshops und eine Poster-Pr\u00c3\u00a4sentation boten ein intensives Programm.<\/p>\n<p>Das Konzept des <a href=\"https:\/\/www.e-teaching.org\/lehrszenarien\/vorlesung\/inverted_classroom\" target=\"_blank\">Inverted Classroom<\/a> passt zur Digitalisierung, da es digitale Lehre nicht nur als Addon versteht, sondern in den gesamten Lehrprozess eingreift. Die Instruktion, die Vermittlung, wird der Pr\u00c3\u00a4senzphase vorgelagert in digitaler Form. Es ist Aufgabe der Studierenden sich selbstst\u00c3\u00a4ndig Inhalte anzueignen, wie auch in einem Workshop festgestellt wurde, eine sehr anspruchsvolle Aufgabe, die in der Praxis nicht nur auf positive Resonanz st\u00c3\u00b6\u00c3\u0178t. Mitunter wird selbst eine Vorlesung einem Podcast vorgezogen, weil das Erarbeiten von Inhalten per Podcast auch als langwierig empfunden wird. <\/p>\n<p>Inverted Classroom-Videos sind jedoch in der Regel k\u00c3\u00bcrzere Videobeitr\u00c3\u00a4ge, die nicht nach dem Muster einer Vorlesung gestaltet sein m\u00c3\u00bcssen. Sie bieten zumindest eine M\u00c3\u00b6glichkeit sich auf Pr\u00c3\u00a4senzsitzungen vorzubereiten, didaktisch sinnvoll ist es, diese Videos mit Fragen bzw. Tests zu begleiten, so dass sichergestellt ist, dass die Vorbereitung auch stattfindet. In der Pr\u00c3\u00a4senzsitzung, so ergaben die Vortr\u00c3\u00a4ge, wird dann auf diesen Fragen aufgebaut. Vorteilhaft ist es auch in den Aufgaben mitzugeben, dass Fragen formuliert werden sollen. Positive Resonanz findet der Einsatz von Voting Tools, anhand deren Ergebnisse ebenfalls inhaltlich angekn\u00c3\u00bcpft werden kann. Mit weiteren \u00c3\u0153bungen und Aufgaben l\u00c3\u00a4sst sich die Pr\u00c3\u00a4senzsitzung gestalten, in direkterem Kontakt und Austausch als gew\u00c3\u00b6hnlich mit den Studierenden.<br \/>\nGeeignet sind Standardthemen, die h\u00c3\u00a4ufiger wiederholt werden, dadurch lohnt sich der Aufwand in der Medienproduktion. Denkbar ist jedoch auch, dass man auf Inhalte von anderen Universit\u00c3\u00a4ten zur\u00c3\u00bcckgreift und diese einbindet, wovor jedoch bisher, so J\u00c3\u00bcrgen Handke, viele zur\u00c3\u00bcckscheuen.<\/p>\n<p><a href=\"http:\/\/www.k-braungardt.de\/blogkb\/wp-content\/uploads\/2016\/11\/IMG_7624.jpg\"><img loading=\"lazy\" decoding=\"async\" src=\"http:\/\/www.k-braungardt.de\/blogkb\/wp-content\/uploads\/2016\/11\/IMG_7624-300x225.jpg\" alt=\"IMG_7624\" width=\"300\" height=\"225\" class=\"alignnone size-medium wp-image-1417\" srcset=\"https:\/\/www.k-braungardt.de\/blogkb\/wp-content\/uploads\/2016\/11\/IMG_7624-300x225.jpg 300w, https:\/\/www.k-braungardt.de\/blogkb\/wp-content\/uploads\/2016\/11\/IMG_7624-768x576.jpg 768w, https:\/\/www.k-braungardt.de\/blogkb\/wp-content\/uploads\/2016\/11\/IMG_7624-1024x768.jpg 1024w, https:\/\/www.k-braungardt.de\/blogkb\/wp-content\/uploads\/2016\/11\/IMG_7624.jpg 2016w\" sizes=\"auto, (max-width: 300px) 100vw, 300px\" \/><\/a><\/p>\n","protected":false},"excerpt":{"rendered":"<p>Politisch existiert sie, die digitale Agenda: https:\/\/www.bmwi.de\/BMWi\/Redaktion\/PDF\/Publikationen\/digitale-agenda-2014-2017,property=pdf,bereich=bmwi2012,sprache=de,rwb=true.pdf an vielen Hochschulen setzt man sich mit diesem Thema auseinander, so auch an der RUB mit einer kleinen&#8230;<\/p>\n<div class=\"more-link-wrapper\"><a class=\"more-link\" href=\"https:\/\/www.k-braungardt.de\/blogkb\/?p=1416\">Weiterlesen<span class=\"screen-reader-text\">RUB-interne Tagung zu Digitalisierung am 15.11.2016<\/span><\/a><\/div>\n","protected":false},"author":1,"featured_media":0,"comment_status":"open","ping_status":"open","sticky":false,"template":"","format":"standard","meta":{"footnotes":""},"categories":[28],"tags":[315],"class_list":["post-1416","post","type-post","status-publish","format-standard","hentry","category-medien","tag-inverted-classroom","entry"],"_links":{"self":[{"href":"https:\/\/www.k-braungardt.de\/blogkb\/index.php?rest_route=\/wp\/v2\/posts\/1416","targetHints":{"allow":["GET"]}}],"collection":[{"href":"https:\/\/www.k-braungardt.de\/blogkb\/index.php?rest_route=\/wp\/v2\/posts"}],"about":[{"href":"https:\/\/www.k-braungardt.de\/blogkb\/index.php?rest_route=\/wp\/v2\/types\/post"}],"author":[{"embeddable":true,"href":"https:\/\/www.k-braungardt.de\/blogkb\/index.php?rest_route=\/wp\/v2\/users\/1"}],"replies":[{"embeddable":true,"href":"https:\/\/www.k-braungardt.de\/blogkb\/index.php?rest_route=%2Fwp%2Fv2%2Fcomments&post=1416"}],"version-history":[{"count":1,"href":"https:\/\/www.k-braungardt.de\/blogkb\/index.php?rest_route=\/wp\/v2\/posts\/1416\/revisions"}],"predecessor-version":[{"id":1418,"href":"https:\/\/www.k-braungardt.de\/blogkb\/index.php?rest_route=\/wp\/v2\/posts\/1416\/revisions\/1418"}],"wp:attachment":[{"href":"https:\/\/www.k-braungardt.de\/blogkb\/index.php?rest_route=%2Fwp%2Fv2%2Fmedia&parent=1416"}],"wp:term":[{"taxonomy":"category","embeddable":true,"href":"https:\/\/www.k-braungardt.de\/blogkb\/index.php?rest_route=%2Fwp%2Fv2%2Fcategories&post=1416"},{"taxonomy":"post_tag","embeddable":true,"href":"https:\/\/www.k-braungardt.de\/blogkb\/index.php?rest_route=%2Fwp%2Fv2%2Ftags&post=1416"}],"curies":[{"name":"wp","href":"https:\/\/api.w.org\/{rel}","templated":true}]}}