{"id":1419,"date":"2016-11-15T22:23:40","date_gmt":"2016-11-15T21:23:40","guid":{"rendered":"http:\/\/www.k-braungardt.de\/blogkb\/?p=1419"},"modified":"2016-11-15T22:23:40","modified_gmt":"2016-11-15T21:23:40","slug":"links-zum-thema-%c2%a752a-vg-wort","status":"publish","type":"post","link":"https:\/\/www.k-braungardt.de\/blogkb\/?p=1419","title":{"rendered":"Links zum Thema \u00c2\u00a752a &#8211; VG Wort"},"content":{"rendered":"<p>Twitter-Hashtag: #unirahmenvertrag<br \/>\n<a href=\"https:\/\/twitter.com\/hashtag\/Unirahmenvertrag\" target=\"_blank\">https:\/\/twitter.com\/hashtag\/Unirahmenvertrag<\/a><\/p>\n<p>Interview mit dem Gesch\u00c3\u00a4ftsf\u00c3\u00bchrer der VG Wort, Rainer Just (10.11.2016)<br \/>\n<a href=\"https:\/\/netzpolitik.org\/2016\/vg-wort-interview-unirahmenvertrag\/\" target=\"_blank\">https:\/\/netzpolitik.org\/2016\/vg-wort-interview-unirahmenvertrag\/<\/a><\/p>\n<p>Weitere Hochschulen winken ab: <a href=\"http:\/\/Twitter-Hashtag: #unirahmenvertrag https:\/\/twitter.com\/hashtag\/Unirahmenvertrag Interview mit dem Gesch\u00c3\u00a4ftsf\u00c3\u00bchrer der VG Wort, Rainer Just (10.11.2016) https:\/\/netzpolitik.org\/2016\/vg-wort-interview-unirahmenvertrag\/ Weitere Hochschulen winken ab: https:\/\/www.boersenblatt.net\/artikel- rahmenvertrag_zwischen_vg_wort_und_kmk_ueber_intranetnutzung.1247733.html (8.11.2016) \n\n\nKeine Panik \u00e2\u20ac\u201c der 52a-Rahmenvertrag muss nicht das letzte Wort f\u00c3\u00bcr Verg\u00c3\u00bctung im Wissenschaftsurheberrecht sein (7.11.2016) <a href=\"http:\/\/urheberrechtsbuendnis.de\/pressemitteilung0316.html.de\" target=\"_blank\">http:\/\/urheberrechtsbuendnis.de\/pressemitteilung0316.html.de<\/a> <\/p>\n<p>Die Wissenspolitik der VG Wort und ihre Folgen \u00e2\u20ac\u201c Teil 1 <a href=\"http:\/\/www.zfmedienwissenschaft.de\/online\/mikromonetarisierung-und-freie-wissenschaft\" target=\"_blank\">http:\/\/www.zfmedienwissenschaft.de\/online\/mikromonetarisierung-und-freie-wissenschaft <\/a><\/p>\n<p>Infos der TU Hamburg: <a href=\"https:\/\/www.tub.tuhh.de\/publizieren\/urheberrecht\/material-in-studip\/\" target=\"_blank\">https:\/\/www.tub.tuhh.de\/publizieren\/urheberrecht\/material-in-studip\/ <\/a><\/p>\n<p>Tobias Thelen, Rahmenvertrag zur Nutzung von Sprachwerken nach \u00c2\u00a752a UrhG: Was haben Hochschulen dagegen? (3.11.2016) <a href=\"https:\/\/www.youtube.com\/watch?v=FhQ5UADV6RE&#038;feature=youtu.be\" target=\"_blank\">https:\/\/www.youtube.com\/watch?v=FhQ5UADV6RE&#038;feature=youtu.be<\/a> <\/p>\n<p>Digitale Lehre: Bayerische und baden-w\u00c3\u00bcrttembergische Universit\u00c3\u00a4ten lehnen Beitritt zur Rahmenvereinbarung der VG Wort ab (2.11.2016) <a href=\"http:\/\/www.lrk-bw.de\/images\/PM_VG_Wort_18.10.pdf\" target=\"_blank\">http:\/\/www.lrk-bw.de\/images\/PM_VG_Wort_18.10.pdf <\/a><\/p>\n<p>Unirahmenvertrag schr\u00c3\u00a4nkt digitales Lernen ein (Netzpolitik.org , 2.11.2016) <a href=\"https:\/\/netzpolitik.org\/2016\/unirahmenvertrag-schraenkt-digitales-lernen-ein\/\" target=\"_blank\">https:\/\/netzpolitik.org\/2016\/unirahmenvertrag-schraenkt-digitales-lernen-ein\/ <\/a><\/p>\n<p>\u00e2\u20ac\u017eUnverh\u00c3\u00a4ltnism\u00c3\u00a4\u00c3\u0178ig und realit\u00c3\u00a4tsfremd\u00e2\u20ac\u0153 &#8211; German U15 lehnt den Rahmenvertrag f\u00c3\u00bcr die Verwendung von Schriftwerken f\u00c3\u00bcr Lehre und Forschung an Hochschulen zwischen KMK und VG WORT ab (28.10.2016) <a href=\"http:\/\/www.german-u15.de\/presse\/ressourcen\/20161027-PM-VG-WORT.pdf\" target=\"_blank\">http:\/\/www.german-u15.de\/presse\/ressourcen\/20161027-PM-VG-WORT.pdf<\/a> <\/p>\n<p>Schluss mit digitalen Seminarunterlagen? (Deutschlandfunk, 27.10.2016) <a href=\"http:\/\/www.deutschlandfunk.de\/aerger-an-universitaeten-schluss-mit- digitalen.680.de.html?dram:article_id=369771\" target=\"_blank\">http:\/\/www.deutschlandfunk.de\/aerger-an-universitaeten-schluss-mit- digitalen.680.de.html?dram:article_id=369771<\/a> <\/p>\n<p>Zur\u00c3\u00bcck in die analoge Steinzeit, Prorektorin Claudia Riemer, Uni Bielefeld (24.10.2016) <a href=\"http:\/\/www.hertz879.de\/podcast\/zurueck-in-die-analoge-steinzeit\/\" target=\"_blank\">http:\/\/www.hertz879.de\/podcast\/zurueck-in-die-analoge-steinzeit\/ <\/a>  <\/p>\n<p>Elektronische Semesterapparate: Hochschulen unzufrieden mit geplanten Meldepflichten (iri- ghts.info, 2.11.2016)<br \/>\n<a href=\"https:\/\/irights.info\/artikel\/elektronische-semesterapparate-meldepflicht-vg-wort-52a\/28120\" target=\"_blank\">https:\/\/irights.info\/artikel\/elektronische-semesterapparate-meldepflicht-vg-wort-52a\/28120 <\/a><\/p>\n<p>HRK fordert praktikable rechtliche Regelungen f\u00c3\u00bcr digitale Lehrmaterialien (Pressemitteilung der HRK vom 13.10.2016) <a href=\"https:\/\/www.hrk.de\/presse\/pressemitteilungen\/pressemitteilung\/meldung\/hrk-fordert-praktikable- rechtliche-regelungen-fuer-digitale-lehrmaterialien-4034\/\" target=\"_blank\">https:\/\/www.hrk.de\/presse\/pressemitteilungen\/pressemitteilung\/meldung\/hrk-fordert-praktikable- rechtliche-regelungen-fuer-digitale-lehrmaterialien-4034\/<\/a> <\/p>\n<p>Pr\u00c3\u00a4sentationen zum Workshop \u00c2\u00a752a UrhG vom 12.10.2016 an der Universit\u00c3\u00a4t Duisburg-Essen <a href=\"http:\/\/duepublico.uni-duisburg-essen.de\/servlets\/DocumentServlet?id=42243\" target=\"_blank\">http:\/\/duepublico.uni-duisburg-essen.de\/servlets\/DocumentServlet?id=42243<\/a> <\/p>\n<p>Der Bildung und Wissenschaft irritierende Unsinn geht einfach weiter (11.10.2016)<br \/>\n<a href=\"http:\/\/urheberrechtsbuendnis.de\/pressemitteilung0216.html\" target=\"_blank\">http:\/\/urheberrechtsbuendnis.de\/pressemitteilung0216.html<\/a> <\/p>\n<p>Infos der Universit\u00c3\u00a4t Hannover zu \u00c2\u00a752a UrhG <a href=\"https:\/\/www.uni-hannover.de\/de\/studium\/elearning\/52aurhg\/\" target=\"_blank\">https:\/\/www.uni-hannover.de\/de\/studium\/elearning\/52aurhg\/<\/a> <\/p>\n<p>Stellungnahme zu den Vereinfachungsvorschl\u00c3\u00a4gen f\u00c3\u00bcr das Meldeportal zur Einzelmeldung von Sprachwerknutzungen gem. \u00c2\u00a752a UrhG an die VG Wort <a href=\"https:\/\/www.virtuos.uni- osnabrueck.de\/fileadmin\/documents\/stellungnahme_verbesserungsvorschl%C3%A4ge_2016_06_07.pdf\" target=\"_blank\">https:\/\/www.virtuos.uni- osnabrueck.de\/fileadmin\/documents\/stellungnahme_verbesserungsvorschl%C3%A4ge_2016_06_07.pdf<\/a> <\/p>\n<p>Die Universit\u00c3\u00a4t Osnabr\u00c3\u00bcck hat im Wintersemester 2014\/15 in einem Pilotprojekt ein Verfahren zur Einzelerfassung anhand der E-Learning-Plattform Stud.IP erprobt (Abschlussbericht: <a href=\"https:\/\/repositorium.uni-osnabrueck.de\/bitstream\/urn:nbn:de:gbv:700- 2015061913251\/2\/workingpaper_02_2015_virtUOS.pdf\" target=\"_blank\">https:\/\/repositorium.uni-osnabrueck.de\/bitstream\/urn:nbn:de:gbv:700- 2015061913251\/2\/workingpaper_02_2015_virtUOS.pdf<\/a>) . <\/p>\n<p>Dazu hat die Universit\u00c3\u00a4t Osnabr\u00c3\u00bcck auch eine Pressemitteilung verfasst: <a href=\"https:\/\/www.virtuos.uni- osnabrueck.de\/fileadmin\/documents\/public\/virtUOS\/PM_virtUOS_VG_Wort20150619.pdf\" target=\"_blank\">https:\/\/www.virtuos.uni- osnabrueck.de\/fileadmin\/documents\/public\/virtUOS\/PM_virtUOS_VG_Wort20150619.pdf<\/a><\/p>\n","protected":false},"excerpt":{"rendered":"<p>Twitter-Hashtag: #unirahmenvertrag https:\/\/twitter.com\/hashtag\/Unirahmenvertrag Interview mit dem Gesch\u00c3\u00a4ftsf\u00c3\u00bchrer der VG Wort, Rainer Just (10.11.2016) https:\/\/netzpolitik.org\/2016\/vg-wort-interview-unirahmenvertrag\/ Weitere Hochschulen winken ab:<\/p>\n","protected":false},"author":1,"featured_media":0,"comment_status":"open","ping_status":"open","sticky":false,"template":"","format":"standard","meta":{"footnotes":""},"categories":[1,275],"tags":[310,350],"class_list":["post-1419","post","type-post","status-publish","format-standard","hentry","category-allgemein","category-urheberrecht-2","tag-52a","tag-vg-wort","entry"],"_links":{"self":[{"href":"https:\/\/www.k-braungardt.de\/blogkb\/index.php?rest_route=\/wp\/v2\/posts\/1419","targetHints":{"allow":["GET"]}}],"collection":[{"href":"https:\/\/www.k-braungardt.de\/blogkb\/index.php?rest_route=\/wp\/v2\/posts"}],"about":[{"href":"https:\/\/www.k-braungardt.de\/blogkb\/index.php?rest_route=\/wp\/v2\/types\/post"}],"author":[{"embeddable":true,"href":"https:\/\/www.k-braungardt.de\/blogkb\/index.php?rest_route=\/wp\/v2\/users\/1"}],"replies":[{"embeddable":true,"href":"https:\/\/www.k-braungardt.de\/blogkb\/index.php?rest_route=%2Fwp%2Fv2%2Fcomments&post=1419"}],"version-history":[{"count":2,"href":"https:\/\/www.k-braungardt.de\/blogkb\/index.php?rest_route=\/wp\/v2\/posts\/1419\/revisions"}],"predecessor-version":[{"id":1421,"href":"https:\/\/www.k-braungardt.de\/blogkb\/index.php?rest_route=\/wp\/v2\/posts\/1419\/revisions\/1421"}],"wp:attachment":[{"href":"https:\/\/www.k-braungardt.de\/blogkb\/index.php?rest_route=%2Fwp%2Fv2%2Fmedia&parent=1419"}],"wp:term":[{"taxonomy":"category","embeddable":true,"href":"https:\/\/www.k-braungardt.de\/blogkb\/index.php?rest_route=%2Fwp%2Fv2%2Fcategories&post=1419"},{"taxonomy":"post_tag","embeddable":true,"href":"https:\/\/www.k-braungardt.de\/blogkb\/index.php?rest_route=%2Fwp%2Fv2%2Ftags&post=1419"}],"curies":[{"name":"wp","href":"https:\/\/api.w.org\/{rel}","templated":true}]}}