{"id":1760,"date":"2019-04-13T14:05:57","date_gmt":"2019-04-13T13:05:57","guid":{"rendered":"http:\/\/www.k-braungardt.de\/blogkb\/?p=1760"},"modified":"2019-04-13T14:05:57","modified_gmt":"2019-04-13T13:05:57","slug":"festnahme-von-julian-assange-meinungsfreiheit-bedroht","status":"publish","type":"post","link":"https:\/\/www.k-braungardt.de\/blogkb\/?p=1760","title":{"rendered":"Festnahme von Julian Assange  &#8211; Meinungsfreiheit bedroht"},"content":{"rendered":"<p>Julian Assange, der Gr\u00c3\u00bcnder der Enth\u00c3\u00bcllungsplattform WikiLeaks ist nach 7 Jahren Asyls in der Botschaft Ecuadors festgenommen worden. Ihm droht nun entweder die Auslieferung nach Schweden wegen sexueller Bel\u00c3\u00a4stigung\/Vergewaltigung oder in die USA wegen Hackings und der Ver\u00c3\u00b6ffentlichung geheimer Dokumente aus dem Irak- bzw. Afghanistankrieg. Die Dokumente hat Assange nicht direkt gehackt, sondern wurden von Chelsea Manning, US-Soldatin, \u00c3\u00bcbergeben, die bereits deshalb eine mehrj\u00c3\u00a4hrige Haftstrafe verb\u00c3\u00bc\u00c3\u0178t hat und von Obama vor Ende seiner Amtszeit noch begnadigt wurde. Sie wurde wegen Assange nochmals einen Monat lang inhaftiert.<\/p>\n<p>Es ist unklar, was genau zu der Verhaftung f\u00c3\u00bchrte, der ecuadorianische Pr\u00c3\u00a4sident Moreno warf Assange Einmischung in die inneren Angelegenheiten Ecuadors vor. <a href=\"https:\/\/defend.wikileaks.org\/2019\/04\/03\/ecuador-twists-embarrassing-ina-papers-into-pretext-to-oust-assange\/\" rel=\"noopener\" target=\"_blank\">Assange\/ WikiLeaks wird vorgeworfen auch Dokumente zu Verwicklungen des Pr\u00c3\u00a4sidenten in Offshoregesch\u00c3\u00a4fte ver\u00c3\u00b6ffentlicht zu haben<\/a>.<br \/>\n<a href=\"https:\/\/www.sueddeutsche.de\/politik\/assange-festnahme-kommentar-1.4407434\" rel=\"noopener\" target=\"_blank\">Sehr kritisch wird die Verhaftung in punkto Pressefreiheit gesehen. Die Praktiken, die Assange von ecuadorianischer Seite vorgeworfen werden, seien die \u00c3\u00bcblichen des investigativen Journalismus.<\/a><br \/>\nPolitisch ist die Person Assanges umstritten, wegen mutma\u00c3\u0178licher Kontakte zum russischen Geheimdienst und der Ver\u00c3\u00b6ffentlichung der Clinton-E-Mails im Vorfeld der amerikanischen Pr\u00c3\u00a4sidentschaftswahlen.<br \/>\nBei einer Auslieferung in die USA w\u00c3\u00bcrde Assange das Whistleblower-Schicksal drohen, das hohe Strafen vorsieht, wenn geheime Dokumente ver\u00c3\u00b6ffentlicht werden.<br \/>\nWhistleblowerrechte st\u00c3\u00a4rken hei\u00c3\u0178t aber im Gegenzug zur digitalen \u00c3\u0153berwachung, Meinungsfreiheit unterst\u00c3\u00bctzen, ein wichtiges Gut demokratischer Gesellschaften. <\/p>\n","protected":false},"excerpt":{"rendered":"<p>Julian Assange, der Gr\u00c3\u00bcnder der Enth\u00c3\u00bcllungsplattform WikiLeaks ist nach 7 Jahren Asyls in der Botschaft Ecuadors festgenommen worden. Ihm droht nun entweder die Auslieferung nach&#8230;<\/p>\n<div class=\"more-link-wrapper\"><a class=\"more-link\" href=\"https:\/\/www.k-braungardt.de\/blogkb\/?p=1760\">Weiterlesen<span class=\"screen-reader-text\">Festnahme von Julian Assange  &#8211; Meinungsfreiheit bedroht<\/span><\/a><\/div>\n","protected":false},"author":1,"featured_media":0,"comment_status":"open","ping_status":"open","sticky":false,"template":"","format":"standard","meta":{"footnotes":""},"categories":[258],"tags":[393,392],"class_list":["post-1760","post","type-post","status-publish","format-standard","hentry","category-politik","tag-whistleblowing","tag-wikileaks","entry"],"_links":{"self":[{"href":"https:\/\/www.k-braungardt.de\/blogkb\/index.php?rest_route=\/wp\/v2\/posts\/1760","targetHints":{"allow":["GET"]}}],"collection":[{"href":"https:\/\/www.k-braungardt.de\/blogkb\/index.php?rest_route=\/wp\/v2\/posts"}],"about":[{"href":"https:\/\/www.k-braungardt.de\/blogkb\/index.php?rest_route=\/wp\/v2\/types\/post"}],"author":[{"embeddable":true,"href":"https:\/\/www.k-braungardt.de\/blogkb\/index.php?rest_route=\/wp\/v2\/users\/1"}],"replies":[{"embeddable":true,"href":"https:\/\/www.k-braungardt.de\/blogkb\/index.php?rest_route=%2Fwp%2Fv2%2Fcomments&post=1760"}],"version-history":[{"count":5,"href":"https:\/\/www.k-braungardt.de\/blogkb\/index.php?rest_route=\/wp\/v2\/posts\/1760\/revisions"}],"predecessor-version":[{"id":1765,"href":"https:\/\/www.k-braungardt.de\/blogkb\/index.php?rest_route=\/wp\/v2\/posts\/1760\/revisions\/1765"}],"wp:attachment":[{"href":"https:\/\/www.k-braungardt.de\/blogkb\/index.php?rest_route=%2Fwp%2Fv2%2Fmedia&parent=1760"}],"wp:term":[{"taxonomy":"category","embeddable":true,"href":"https:\/\/www.k-braungardt.de\/blogkb\/index.php?rest_route=%2Fwp%2Fv2%2Fcategories&post=1760"},{"taxonomy":"post_tag","embeddable":true,"href":"https:\/\/www.k-braungardt.de\/blogkb\/index.php?rest_route=%2Fwp%2Fv2%2Ftags&post=1760"}],"curies":[{"name":"wp","href":"https:\/\/api.w.org\/{rel}","templated":true}]}}