{"id":1968,"date":"2020-07-05T19:08:39","date_gmt":"2020-07-05T18:08:39","guid":{"rendered":"http:\/\/www.k-braungardt.de\/blogkb\/?p=1968"},"modified":"2020-07-05T19:08:39","modified_gmt":"2020-07-05T18:08:39","slug":"ein-paar-gedanken-zum-online-offline-mix-in-der-lehre","status":"publish","type":"post","link":"https:\/\/www.k-braungardt.de\/blogkb\/?p=1968","title":{"rendered":"Ein paar Gedanken zum Online-\/Offline-Mix in der Lehre"},"content":{"rendered":"<p>Es ist nun, als sei nichts gewesen. Zumindest in Deutschland bewegen sich Menschen vielerorts wie vor Corona-Zeiten. Es gibt Maskenpflicht und sehr gro\u00c3\u0178e Veranstaltungen bleiben weiterhin nicht m\u00c3\u00b6glich. Global sieht die Situation schwerwiegend aus: circa 11 Millionen F\u00c3\u00a4lle gibt es laut WHO: <a href=\"https:\/\/covid19.who.int\" rel=\"noopener noreferrer\" target=\"_blank\">https:\/\/covid19.who.int<\/a>.<\/p>\n<p>Die Lehre im Wintersemester an der RUB soll ein Mix aus Online und Pr\u00c3\u00a4senz sein. Wie genau, dies aussehen soll, legen die Fakult\u00c3\u00a4ten fest: <a href=\"https:\/\/news.rub.de\/studium\/2020-07-02-wintersemester-2020-2021-mix-aus-praesenz-und-online-lehre\" rel=\"noopener noreferrer\" target=\"_blank\">https:\/\/news.rub.de\/studium\/2020-07-02-wintersemester-2020-2021-mix-aus-praesenz-und-online-lehre<\/a>. Das ist eine nicht unerhebliche organisatorische Herausforderung.<br \/>\nBei Zusammenk\u00c3\u00bcnften mit gr\u00c3\u00b6\u00c3\u0178eren Personengruppen f\u00c3\u00a4llt ja zumindest in der Winterzeit die Bel\u00c3\u00bcftung durch das \u00c3\u2013ffnen von Fenstern weg bzw. die dauerhafte \u00c3\u2013ffnung von Fenstern ist nicht m\u00c3\u00b6glich. Pro Raum d\u00c3\u00bcrften nur eine bestimmte Personenzahl gleichzeitig anwesend sein. Bei den Abstandserfordernissen von 1,5 m kann man wahrscheinlich einen Platzbedarf pro Person von 4 Quadratmetern zugrundelegen. Wenn Seminarr\u00c3\u00a4ume im Schnitt 40 bis 60 Quadratmeter gro\u00c3\u0178 sind, dann d\u00c3\u00bcrfte es auf 10 bis 15 Personen inklusive Lehrkraft hinauslaufen.<br \/>\nWenn es mehr Personen in einer Veranstaltung sind, k\u00c3\u00b6nnte man die Regelung einf\u00c3\u00bchren, sich f\u00c3\u00bcr die Pr\u00c3\u00a4senz vorher w\u00c3\u00b6chentlich anzumelden, so dass zumindest jeder mindestens einmal die Chance hat teilzunehmen.<br \/>\nSollte man die Pr\u00c3\u00a4senzsitzung auch noch \u00c3\u00bcbertragen und eine virtuelle Teilnahme erm\u00c3\u00b6glichen? Es m\u00c3\u00bcsste ausprobiert werden, inwieweit dies praktikabel ist<\/p>\n","protected":false},"excerpt":{"rendered":"<p>Es ist nun, als sei nichts gewesen. Zumindest in Deutschland bewegen sich Menschen vielerorts wie vor Corona-Zeiten. Es gibt Maskenpflicht und sehr gro\u00c3\u0178e Veranstaltungen bleiben&#8230;<\/p>\n<div class=\"more-link-wrapper\"><a class=\"more-link\" href=\"https:\/\/www.k-braungardt.de\/blogkb\/?p=1968\">Weiterlesen<span class=\"screen-reader-text\">Ein paar Gedanken zum Online-\/Offline-Mix in der Lehre<\/span><\/a><\/div>\n","protected":false},"author":1,"featured_media":0,"comment_status":"open","ping_status":"open","sticky":false,"template":"","format":"standard","meta":{"footnotes":""},"categories":[416],"tags":[],"class_list":["post-1968","post","type-post","status-publish","format-standard","hentry","category-corona","entry"],"_links":{"self":[{"href":"https:\/\/www.k-braungardt.de\/blogkb\/index.php?rest_route=\/wp\/v2\/posts\/1968","targetHints":{"allow":["GET"]}}],"collection":[{"href":"https:\/\/www.k-braungardt.de\/blogkb\/index.php?rest_route=\/wp\/v2\/posts"}],"about":[{"href":"https:\/\/www.k-braungardt.de\/blogkb\/index.php?rest_route=\/wp\/v2\/types\/post"}],"author":[{"embeddable":true,"href":"https:\/\/www.k-braungardt.de\/blogkb\/index.php?rest_route=\/wp\/v2\/users\/1"}],"replies":[{"embeddable":true,"href":"https:\/\/www.k-braungardt.de\/blogkb\/index.php?rest_route=%2Fwp%2Fv2%2Fcomments&post=1968"}],"version-history":[{"count":2,"href":"https:\/\/www.k-braungardt.de\/blogkb\/index.php?rest_route=\/wp\/v2\/posts\/1968\/revisions"}],"predecessor-version":[{"id":1974,"href":"https:\/\/www.k-braungardt.de\/blogkb\/index.php?rest_route=\/wp\/v2\/posts\/1968\/revisions\/1974"}],"wp:attachment":[{"href":"https:\/\/www.k-braungardt.de\/blogkb\/index.php?rest_route=%2Fwp%2Fv2%2Fmedia&parent=1968"}],"wp:term":[{"taxonomy":"category","embeddable":true,"href":"https:\/\/www.k-braungardt.de\/blogkb\/index.php?rest_route=%2Fwp%2Fv2%2Fcategories&post=1968"},{"taxonomy":"post_tag","embeddable":true,"href":"https:\/\/www.k-braungardt.de\/blogkb\/index.php?rest_route=%2Fwp%2Fv2%2Ftags&post=1968"}],"curies":[{"name":"wp","href":"https:\/\/api.w.org\/{rel}","templated":true}]}}