{"id":435,"date":"2011-05-18T20:42:39","date_gmt":"2011-05-18T19:42:39","guid":{"rendered":"http:\/\/www.k-braungardt.de\/blogkb\/?p=435"},"modified":"2011-05-18T21:07:46","modified_gmt":"2011-05-18T20:07:46","slug":"3-connect-userkonferenz-in-lubeck","status":"publish","type":"post","link":"https:\/\/www.k-braungardt.de\/blogkb\/?p=435","title":{"rendered":"3. connect-dach-userkonferenz in l\u00c3\u00bcbeck"},"content":{"rendered":"<p>die deutschsprachige adobe connect-user-community hat sich dieses jahr in l\u00c3\u00bcbeck <a href=\"http:\/\/www.oncampus.de\/connectdach\">getroffen<\/a>. die vorgestellten anwendungsbeispiele und -szenarien in schule und hochschule waren sehr vielf\u00c3\u00a4ltig: vom englischunterricht f\u00c3\u00bcr sch\u00c3\u00bcler auf den halligen bis zur einbindung der webkonferenz-software in pr\u00c3\u00a4senzveranstaltungen.<\/p>\n<p>die meisten waren mit dem derzeitigen stand der software zufrieden, obwohl viele noch nicht einmal auf connect 8 umgestellt haben. generelles manko, auch in hinsicht auf den support, ist die mangelnde diagnosef\u00c3\u00a4higkeit, wenn ein problem auftritt. da gibt connect so gut wie nichts an die hand.<\/p>\n<p>ein thema, das wahrscheinlich auf dem n\u00c3\u00a4chsten usertreffen in z\u00c3\u00bcrich verst\u00c3\u00a4rkt behandelt wird, ist die erh\u00c3\u00b6hung der akzeptanz bzw. der motivation zur nutzung von connect.<\/p>\n<p>au\u00c3\u0178erdem soll die usergroup sich auf webconferencing im allgemeinen erweitern und sich nicht nur auf adobe connect beziehen.<\/p>\n<p><a href=\"http:\/\/www.k-braungardt.de\/blogkb\/wp-content\/uploads\/2011\/05\/dach-2011.jpg\"><img loading=\"lazy\" decoding=\"async\" src=\"http:\/\/www.k-braungardt.de\/blogkb\/wp-content\/uploads\/2011\/05\/dach-2011-300x200.jpg\" alt=\"\" title=\"dach-2011\" width=\"300\" height=\"200\" class=\"alignnone size-medium wp-image-443\" srcset=\"https:\/\/www.k-braungardt.de\/blogkb\/wp-content\/uploads\/2011\/05\/dach-2011-300x200.jpg 300w, https:\/\/www.k-braungardt.de\/blogkb\/wp-content\/uploads\/2011\/05\/dach-2011.jpg 1024w\" sizes=\"auto, (max-width: 300px) 100vw, 300px\" \/><\/a><\/p>\n<p>Ausf\u00c3\u00bchrlicher Bericht zum Treffen von Andreas Wittke: <a href=\"http:\/\/onlinebynature.wordpress.com\/2011\/05\/18\/das-war-das-3-connect-dach-usertreffen\/\">Das war das 3. Connect DACH-Usertreffen<\/a>.<\/p>\n<p>Mein Beitrag:<code><\/p>\n<div style=\"width:425px\" id=\"__ss_8016523\"><strong style=\"display:block;margin:12px 0 4px\"><a href=\"http:\/\/www.slideshare.net\/brillux\/groes-potential-noch-zu-wenig-genutzt-wie-geht-es-weiter-mit-adobe-connect-an-der-ruhruniversitt-bochum-erfahrungen-und-perspektiven\" title=\"Gro\u00c3\u0178es Potential - noch zu wenig genutzt:  Wie geht es weiter mit Adobe Connect  an der Ruhr-Universit\u00c3\u00a4t Bochum?  Erfahrungen und Perspektiven.\">Gro\u00c3\u0178es Potential - noch zu wenig genutzt:  Wie geht es weiter mit Adobe Connect  an der Ruhr-Universit\u00c3\u00a4t Bochum?  Erfahrungen und Perspektiven.<\/a><\/strong><object id=\"__sse8016523\" width=\"425\" height=\"355\"><param name=\"movie\" value=\"http:\/\/static.slidesharecdn.com\/swf\/ssplayer2.swf?doc=adobeconnectmai2011-110518145312-phpapp01&#038;stripped_title=groes-potential-noch-zu-wenig-genutzt-wie-geht-es-weiter-mit-adobe-connect-an-der-ruhruniversitt-bochum-erfahrungen-und-perspektiven&#038;userName=brillux\" \/><param name=\"allowFullScreen\" value=\"true\"\/><param name=\"allowScriptAccess\" value=\"always\"\/><embed name=\"__sse8016523\" src=\"http:\/\/static.slidesharecdn.com\/swf\/ssplayer2.swf?doc=adobeconnectmai2011-110518145312-phpapp01&#038;stripped_title=groes-potential-noch-zu-wenig-genutzt-wie-geht-es-weiter-mit-adobe-connect-an-der-ruhruniversitt-bochum-erfahrungen-und-perspektiven&#038;userName=brillux\" type=\"application\/x-shockwave-flash\" allowscriptaccess=\"always\" allowfullscreen=\"true\" width=\"425\" height=\"355\"><\/embed><\/object><\/p>\n<div style=\"padding:5px 0 12px\">View more <a href=\"http:\/\/www.slideshare.net\/\">presentations<\/a> from <a href=\"http:\/\/www.slideshare.net\/brillux\">brillux<\/a>.<\/div>\n<\/div>\n<p><\/code><\/p>\n","protected":false},"excerpt":{"rendered":"<p>die deutschsprachige adobe connect-user-community hat sich dieses jahr in l\u00c3\u00bcbeck getroffen. die vorgestellten anwendungsbeispiele und -szenarien in schule und hochschule waren sehr vielf\u00c3\u00a4ltig: vom englischunterricht&#8230;<\/p>\n<div class=\"more-link-wrapper\"><a class=\"more-link\" href=\"https:\/\/www.k-braungardt.de\/blogkb\/?p=435\">Weiterlesen<span class=\"screen-reader-text\">3. connect-dach-userkonferenz in l\u00c3\u00bcbeck<\/span><\/a><\/div>\n","protected":false},"author":1,"featured_media":0,"comment_status":"open","ping_status":"open","sticky":false,"template":"","format":"standard","meta":{"footnotes":""},"categories":[19],"tags":[161,162,163],"class_list":["post-435","post","type-post","status-publish","format-standard","hentry","category-connect","tag-connect-2","tag-dach","tag-lubeck","entry"],"_links":{"self":[{"href":"https:\/\/www.k-braungardt.de\/blogkb\/index.php?rest_route=\/wp\/v2\/posts\/435","targetHints":{"allow":["GET"]}}],"collection":[{"href":"https:\/\/www.k-braungardt.de\/blogkb\/index.php?rest_route=\/wp\/v2\/posts"}],"about":[{"href":"https:\/\/www.k-braungardt.de\/blogkb\/index.php?rest_route=\/wp\/v2\/types\/post"}],"author":[{"embeddable":true,"href":"https:\/\/www.k-braungardt.de\/blogkb\/index.php?rest_route=\/wp\/v2\/users\/1"}],"replies":[{"embeddable":true,"href":"https:\/\/www.k-braungardt.de\/blogkb\/index.php?rest_route=%2Fwp%2Fv2%2Fcomments&post=435"}],"version-history":[{"count":12,"href":"https:\/\/www.k-braungardt.de\/blogkb\/index.php?rest_route=\/wp\/v2\/posts\/435\/revisions"}],"predecessor-version":[{"id":449,"href":"https:\/\/www.k-braungardt.de\/blogkb\/index.php?rest_route=\/wp\/v2\/posts\/435\/revisions\/449"}],"wp:attachment":[{"href":"https:\/\/www.k-braungardt.de\/blogkb\/index.php?rest_route=%2Fwp%2Fv2%2Fmedia&parent=435"}],"wp:term":[{"taxonomy":"category","embeddable":true,"href":"https:\/\/www.k-braungardt.de\/blogkb\/index.php?rest_route=%2Fwp%2Fv2%2Fcategories&post=435"},{"taxonomy":"post_tag","embeddable":true,"href":"https:\/\/www.k-braungardt.de\/blogkb\/index.php?rest_route=%2Fwp%2Fv2%2Ftags&post=435"}],"curies":[{"name":"wp","href":"https:\/\/api.w.org\/{rel}","templated":true}]}}