{"id":53,"date":"2007-11-08T07:55:33","date_gmt":"2007-11-08T06:55:33","guid":{"rendered":"http:\/\/www.k-braungardt.de\/blogkb\/?p=53"},"modified":"2007-11-08T07:55:56","modified_gmt":"2007-11-08T06:55:56","slug":"vortrag-ontologie-der-medien-ii","status":"publish","type":"post","link":"https:\/\/www.k-braungardt.de\/blogkb\/?p=53","title":{"rendered":"Vortrag Ontologie der Medien II"},"content":{"rendered":"<p>Habe ein wenig im Handbuch Medienkultur gest\u00c3\u00b6bert und dort einen Aufsatz von Kittler von 1989 gelesen, als Eindruck bleibt mir: Geistesgeschichte wird als Geschichte der Datenverarbeitung geschrieben, sehr sch\u00c3\u00b6n anhand von Hegels Zettelkasten. Diverse Entmystifizierungen des Geistes sind nichts Neues, sei es die R\u00c3\u00bcckf\u00c3\u00bchrung auf Biologie, Psychologie oder \u00c3\u2013konomie. Die mediale Perspektive engt die scheinbare Unbeschr\u00c3\u00a4nktheit und Freiheit des Geistes nochmals mehr ein.<br \/>\nDie Verh\u00c3\u00a4ltnisse des Denkens zu seinem Au\u00c3\u0178en in seinen verschiedenen Bereichen sind so auf unterschiedlichen Ebenen beschreibbar, wie auch das Verh\u00c3\u00a4ltnis selbst unterschiedlich aufgefasst werden kann: als Bedingheit, Abh\u00c3\u00a4ngigkeit, notwendige Voraussetzung, als Reduktion&#8230;.<br \/>\nDie Philosophie schwebte ja lange im luftleeren Raum, die Aufkl\u00c3\u00a4rung f\u00c3\u00bchrte schon mal ein denkendes Subjekt ein. Das wurde zunehmend konkreter. Nun denkt ein biologisch, geschichtlich, psychisch, \u00c3\u00b6konomisch und medial verfasstes Wesen, das sich darin aufl\u00c3\u00b6st.<br \/>\nTrotzdem setzt sich der Einzelne jeweils neu zu seinen Bedingungen in Verh\u00c3\u00a4ltnis.<br \/>\nDies wurde in einer anderen Vorlesung deutlich, davon mehr im n\u00c3\u00a4chsten Beitrag.<\/p>\n","protected":false},"excerpt":{"rendered":"<p>Habe ein wenig im Handbuch Medienkultur gest\u00c3\u00b6bert und dort einen Aufsatz von Kittler von 1989 gelesen, als Eindruck bleibt mir: Geistesgeschichte wird als Geschichte der&#8230;<\/p>\n<div class=\"more-link-wrapper\"><a class=\"more-link\" href=\"https:\/\/www.k-braungardt.de\/blogkb\/?p=53\">Weiterlesen<span class=\"screen-reader-text\">Vortrag Ontologie der Medien II<\/span><\/a><\/div>\n","protected":false},"author":1,"featured_media":0,"comment_status":"open","ping_status":"open","sticky":false,"template":"","format":"standard","meta":{"footnotes":""},"categories":[1,18],"tags":[],"class_list":["post-53","post","type-post","status-publish","format-standard","hentry","category-allgemein","category-ruhr-universitat","entry"],"_links":{"self":[{"href":"https:\/\/www.k-braungardt.de\/blogkb\/index.php?rest_route=\/wp\/v2\/posts\/53","targetHints":{"allow":["GET"]}}],"collection":[{"href":"https:\/\/www.k-braungardt.de\/blogkb\/index.php?rest_route=\/wp\/v2\/posts"}],"about":[{"href":"https:\/\/www.k-braungardt.de\/blogkb\/index.php?rest_route=\/wp\/v2\/types\/post"}],"author":[{"embeddable":true,"href":"https:\/\/www.k-braungardt.de\/blogkb\/index.php?rest_route=\/wp\/v2\/users\/1"}],"replies":[{"embeddable":true,"href":"https:\/\/www.k-braungardt.de\/blogkb\/index.php?rest_route=%2Fwp%2Fv2%2Fcomments&post=53"}],"version-history":[{"count":0,"href":"https:\/\/www.k-braungardt.de\/blogkb\/index.php?rest_route=\/wp\/v2\/posts\/53\/revisions"}],"wp:attachment":[{"href":"https:\/\/www.k-braungardt.de\/blogkb\/index.php?rest_route=%2Fwp%2Fv2%2Fmedia&parent=53"}],"wp:term":[{"taxonomy":"category","embeddable":true,"href":"https:\/\/www.k-braungardt.de\/blogkb\/index.php?rest_route=%2Fwp%2Fv2%2Fcategories&post=53"},{"taxonomy":"post_tag","embeddable":true,"href":"https:\/\/www.k-braungardt.de\/blogkb\/index.php?rest_route=%2Fwp%2Fv2%2Ftags&post=53"}],"curies":[{"name":"wp","href":"https:\/\/api.w.org\/{rel}","templated":true}]}}